[{"@context":"https:\/\/schema.org\/","@type":"Article","@id":"https:\/\/www.ivvs.cz\/jak-spravne-vybrat-barvy-pro-interier\/#Article","mainEntityOfPage":"https:\/\/www.ivvs.cz\/jak-spravne-vybrat-barvy-pro-interier\/","headline":"Jak spr\u00e1vn\u011b vybrat barvy pro interi\u00e9r","name":"Jak spr\u00e1vn\u011b vybrat barvy pro interi\u00e9r","description":"Barvy jsou v\u0161ude kolem n\u00e1s. Prov\u00e1zej\u00ed n\u00e1s na\u0161\u00edm ka\u017edodenn\u00edm \u017eivotem, kdy\u017e p\u0159em\u00fd\u0161l\u00edme, jakou halenku zvolit, aby n\u00e1m ladila k sukni, nebo kdy\u017e vyb\u00edr\u00e1me vhodn\u00fd lak pro na\u0161e nov\u00e9 auto. D\u016fle\u017eitou roli hraje tak\u00e9 v\u00fdznam barev v r\u00e1mci bydlen\u00ed. Zde bychom m\u011bli m\u00edt na pam\u011bti, \u017ee stejn\u011b jako p\u0159i obl\u00e9k\u00e1n\u00ed n\u00e1m nemus\u00ed slu\u0161et v\u0161echny barvy, kter\u00e9 ... <a href=\"https:\/\/www.ivvs.cz\/jak-spravne-vybrat-barvy-pro-interier\/\" class=\"more-link\">P\u0159e\u010d\u00edst<span class=\"screen-reader-text\"> \"Jak spr\u00e1vn\u011b vybrat barvy pro interi\u00e9r\"<\/span> &raquo;<\/a>","datePublished":"2019-02-25","dateModified":"2023-05-26","author":{"@type":"Person","@id":"https:\/\/www.ivvs.cz\/author\/devene\/#Person","name":"devene","url":"https:\/\/www.ivvs.cz\/author\/devene\/","identifier":1,"image":{"@type":"ImageObject","@id":"https:\/\/secure.gravatar.com\/avatar\/bbaa4e9a58aac4329fe0ade0f3fb816f09f0dc43c21f6e884dccfbc124b16b29?s=96&d=mm&r=g","url":"https:\/\/secure.gravatar.com\/avatar\/bbaa4e9a58aac4329fe0ade0f3fb816f09f0dc43c21f6e884dccfbc124b16b29?s=96&d=mm&r=g","height":96,"width":96}},"publisher":{"@type":"Organization","name":"ivvs.cz","logo":{"@type":"ImageObject","@id":"\/logo.png","url":"\/logo.png","width":600,"height":60}},"image":{"@type":"ImageObject","@id":"https:\/\/www.ivvs.cz\/wp-content\/uploads\/img_a338117_w2945_t1550922490.jpg","url":"https:\/\/www.ivvs.cz\/wp-content\/uploads\/img_a338117_w2945_t1550922490.jpg","height":0,"width":0},"url":"https:\/\/www.ivvs.cz\/jak-spravne-vybrat-barvy-pro-interier\/","about":["Bydlen\u00ed"],"wordCount":400,"articleBody":"Barvy jsou v\u0161ude kolem n\u00e1s. Prov\u00e1zej\u00ed n\u00e1s na\u0161\u00edm ka\u017edodenn\u00edm \u017eivotem, kdy\u017e p\u0159em\u00fd\u0161l\u00edme, jakou halenku zvolit, aby n\u00e1m ladila k sukni, nebo kdy\u017e vyb\u00edr\u00e1me vhodn\u00fd lak pro na\u0161e nov\u00e9 auto. D\u016fle\u017eitou roli hraje tak\u00e9 v\u00fdznam barev v r\u00e1mci bydlen\u00ed. Zde bychom m\u011bli m\u00edt na pam\u011bti, \u017ee stejn\u011b jako p\u0159i obl\u00e9k\u00e1n\u00ed n\u00e1m nemus\u00ed slu\u0161et v\u0161echny barvy, kter\u00e9 se n\u00e1m l\u00edb\u00ed. Tak ani p\u0159i volb\u011b barevn\u00fdch kombinac\u00ed do na\u0161eho bytu nebo domu, nejsou n\u011bkter\u00e9 odst\u00edny vhodn\u00e9, i kdy\u017e na prvn\u00ed pohled vypadaj\u00ed l\u00e1kav\u011b.V\u0161ichni jist\u011b v\u00edme, \u017ee barvy rozd\u011blujeme do dvou z\u00e1kladn\u00edch skupin a to na studen\u00e9 a tepl\u00e9. Nejnov\u011bj\u0161\u00ed pr\u016fzkumy ukazuj\u00ed, \u017ee barevnost st\u011bn m\u016f\u017ee pocitov\u011b vytv\u00e1\u0159et rozd\u00edl a\u017e 5 &deg;C. Kdy\u017e se tedy rozhodujeme, jakou barvou si vymalovat jednotliv\u00e9 pokoje na\u0161eho p\u0159\u00edbytku, m\u011bli bychom si o teplot\u011b barev n\u011bco p\u0159e\u010d\u00edst. Pokud m\u00e1te nap\u0159\u00edklad r\u00e1di modrou, kter\u00e1 se obecn\u011b \u0159ad\u00ed k barv\u00e1m studen\u00fdm, asi nebude nejvhodn\u011bj\u0161\u00ed s n\u00ed vymalovat koupelnu. M\u016f\u017ee to sice p\u016fsobit hezk\u00fdm dojmem, ale budete m\u00edt pocit, \u017ee je v\u00e1m b\u011bhem koup\u00e1n\u00ed chladn\u011bji, ne\u017e kdybyste vymalovali t\u0159eba na oran\u017eovo. M\u00edstnosti, v nich\u017e tr\u00e1v\u00edte hodn\u011b \u010dasu, je doporu\u010den\u00e9 vymalovat sp\u00ed\u0161e teplej\u0161\u00edmi barvami, aby navodily \u00fatuln\u00fd a h\u0159ejiv\u00fd pocit. Studen\u00e9 barvy se naopak hod\u00ed nap\u0159\u00edklad do lo\u017enice \u010di pracovny, jeliko\u017e navozuj\u00ed klid, a napom\u00e1haj\u00ed lep\u0161\u00edmu soust\u0159ed\u011bn\u00ed.Jak\u00e9 barvy tedy spadaj\u00ed do zm\u00edn\u011bn\u00fdch kategori\u00ed, a podle \u010deho se odvozuj\u00ed? Prapo\u010d\u00e1tek nenajdeme nikde jinde ne\u017e v p\u0159\u00edrod\u011b. Tepl\u00e9 barvy jsou spojeny se sluncem, \u0159ad\u00edme sem tedy v\u0161echny barvy obsahuj\u00edc\u00ed \u017elutou. Vedle n\u00ed je to oran\u017eov\u00e1, \u010derven\u00e1 a zelen\u00e1. Studen\u00e9 zase vych\u00e1z\u00ed z vody. Krom\u011b modr\u00e9 zde nalezneme je\u0161t\u011b fialovou.Kdy\u017e vyb\u00edr\u00e1me barvy pro n\u00e1\u0161 interi\u00e9r, v\u011bt\u0161inou tak\u00e9 p\u0159ihl\u00ed\u017e\u00edme k sou\u010dasn\u00fdm m\u00f3dn\u00edm trend\u016fm. D\u00e1le k celkov\u00e9mu dojmu na\u0161eho bydlen\u00ed a sna\u017e\u00edme se, abychom st\u011bny sladili s n\u00e1bytkem a v\u011bcmi, kter\u00e9 u\u017e m\u00e1me.                                                                                                                                                                                                                                                                                                                                                                                                "},{"@context":"https:\/\/schema.org\/","@type":"BreadcrumbList","itemListElement":[{"@type":"ListItem","position":1,"name":"Jak spr\u00e1vn\u011b vybrat barvy pro interi\u00e9r","item":"https:\/\/www.ivvs.cz\/jak-spravne-vybrat-barvy-pro-interier\/#breadcrumbitem"}]}]