[{"@context":"https:\/\/schema.org\/","@type":"Article","@id":"https:\/\/www.ivvs.cz\/proc-ma-adipex-retard-prodej-kontrolovany\/#Article","mainEntityOfPage":"https:\/\/www.ivvs.cz\/proc-ma-adipex-retard-prodej-kontrolovany\/","headline":"Pro\u010d m\u00e1 adipex retard prodej kontrolovan\u00fd","name":"Pro\u010d m\u00e1 adipex retard prodej kontrolovan\u00fd","description":"V dne\u0161n\u00ed dob\u011b je modern\u00ed, \u017ee se p\u0159edev\u0161\u00edm \u017eeny sna\u017e\u00ed m\u00edt \u0161t\u00edhlou postavu. P\u0159i sou\u010dasn\u00e9m sedav\u00e9m \u017eivotn\u00edm stylu je to v\u0161ak pom\u011brn\u011b t\u011b\u017ek\u00e9 \u2013 pr\u016fm\u011brn\u00e1 \u017eena r\u00e1no rychle ud\u011bl\u00e1 sn\u00eddani, odveze d\u011bti do \u0161koly \u010di \u0161kolky, jde do pr\u00e1ce, kde prakticky dev\u011bt hodin jen sed\u00ed, pak vyzvedne d\u011bti, ud\u011bl\u00e1 ve\u010de\u0159i a nezbytn\u00e9 dom\u00e1c\u00ed pr\u00e1ce, zkontroluje ... <a href=\"https:\/\/www.ivvs.cz\/proc-ma-adipex-retard-prodej-kontrolovany\/\" class=\"more-link\">P\u0159e\u010d\u00edst<span class=\"screen-reader-text\"> \"Pro\u010d m\u00e1 adipex retard prodej kontrolovan\u00fd\"<\/span> &raquo;<\/a>","datePublished":"2020-09-16","dateModified":"2023-09-19","author":{"@type":"Person","@id":"https:\/\/www.ivvs.cz\/author\/devene\/#Person","name":"devene","url":"https:\/\/www.ivvs.cz\/author\/devene\/","identifier":1,"image":{"@type":"ImageObject","@id":"https:\/\/secure.gravatar.com\/avatar\/bbaa4e9a58aac4329fe0ade0f3fb816f09f0dc43c21f6e884dccfbc124b16b29?s=96&d=mm&r=g","url":"https:\/\/secure.gravatar.com\/avatar\/bbaa4e9a58aac4329fe0ade0f3fb816f09f0dc43c21f6e884dccfbc124b16b29?s=96&d=mm&r=g","height":96,"width":96}},"publisher":{"@type":"Organization","name":"ivvs.cz","logo":{"@type":"ImageObject","@id":"\/logo.png","url":"\/logo.png","width":600,"height":60}},"image":{"@type":"ImageObject","@id":"https:\/\/www.ivvs.cz\/wp-content\/uploads\/detox1_10_3.jpg","url":"https:\/\/www.ivvs.cz\/wp-content\/uploads\/detox1_10_3.jpg","height":0,"width":0},"url":"https:\/\/www.ivvs.cz\/proc-ma-adipex-retard-prodej-kontrolovany\/","about":["Dovolen\u00e1"],"wordCount":464,"articleBody":"     V dne\u0161n\u00ed dob\u011b je modern\u00ed, \u017ee se p\u0159edev\u0161\u00edm \u017eeny sna\u017e\u00ed m\u00edt \u0161t\u00edhlou postavu. P\u0159i sou\u010dasn\u00e9m sedav\u00e9m \u017eivotn\u00edm stylu je to v\u0161ak pom\u011brn\u011b t\u011b\u017ek\u00e9 \u2013 pr\u016fm\u011brn\u00e1 \u017eena r\u00e1no rychle ud\u011bl\u00e1 sn\u00eddani, odveze d\u011bti do \u0161koly \u010di \u0161kolky, jde do pr\u00e1ce, kde prakticky dev\u011bt hodin jen sed\u00ed, pak vyzvedne d\u011bti, ud\u011bl\u00e1 ve\u010de\u0159i a nezbytn\u00e9 dom\u00e1c\u00ed pr\u00e1ce, zkontroluje \u00fakoly a unaven\u011b padne do k\u0159esla.Jak je vid\u011bt, z fyzick\u00e9ho hlediska zde p\u0159\u00edli\u0161n\u00e1 n\u00e1maha nebyla. Psychicky je to n\u011bco jin\u00e9ho. Pr\u00e1ce mozkem je stejn\u011b nam\u00e1hav\u00e1 jako pr\u00e1ce svaly. Probl\u00e9m je, \u017ee sice vede k \u00fanav\u011b, ale nikoliv k hubnut\u00ed. Nav\u00edc to nen\u00ed svalov\u00e1 \u00fanava, ale sp\u00ed\u0161 vy\u010derp\u00e1n\u00ed, se kter\u00fdm n\u00e1m sp\u00e1nek p\u0159\u00edli\u0161 nepom\u016f\u017ee. A obvykle ani nep\u0159ich\u00e1z\u00ed snadno.Je tedy jasn\u00e9, \u017ee hubnut\u00ed v tomto p\u0159\u00edpad\u011b nep\u016fjde snadno. Jist\u011b, m\u016f\u017eeme omezit p\u0159\u00edjem potravy, av\u0161ak mus\u00edme m\u00edt na pam\u011bti, \u017ee na\u0161e t\u011blo st\u00e1le ur\u010dit\u00fd objem \u017eivin pot\u0159ebuje, aby mohlo spr\u00e1vn\u011b fungovat. A bohu\u017eel, pokud skute\u010dn\u011b p\u0159ijmeme v\u0161echny l\u00e1tky, kter\u00e9 bychom b\u011bhem dne m\u011bli, tak p\u0159ijmeme i v\u00edce energie, ne\u017e j\u00ed b\u011b\u017en\u011b b\u011bhem dne vyd\u00e1me.I to je jeden z d\u016fvod\u016f, pro\u010d je na\u0161e spole\u010dnost ob\u00e9zn\u00ed. Ot\u00e1zkou je, co s t\u00edm. Mo\u017enost\u00ed je zv\u00fd\u0161en\u00ed pohybu, av\u0161ak mnoz\u00ed z n\u00e1s jsou na n\u011bco takov\u00e9ho p\u0159\u00edli\u0161 vy\u010derpan\u00ed. A pokud se o to pokus\u00ed, pak s t\u00edm b\u011bhem kr\u00e1tk\u00e9 doby p\u0159estanou, jeliko\u017e prost\u011b nemaj\u00ed dostatek energie.Nen\u00ed tedy divu, \u017ee zkou\u0161\u00ed ur\u010dit\u00e9 berli\u010dky, jako jsou nejr\u016fzn\u011bj\u0161\u00ed \u201ezaru\u010den\u00e9\u201c l\u00e9ky na hubnut\u00ed. Faktem je, \u017ee ty, kter\u00e9 se prod\u00e1vaj\u00ed voln\u011b, nefunguj\u00ed. Rozhodn\u011b tedy ne tolik, aby to st\u00e1lo za \u0159e\u010d. Proto se mnoho sna\u017e\u00ed z\u00edskat l\u00e9ky, kter\u00e9 jsou jen na p\u0159edpis.P\u0159\u00edkladem m\u016f\u017ee b\u00fdt l\u00e9k Adipex. Faktem je, \u017ee konkr\u00e9tn\u011b Adipex retard prodej kontrolovan\u00fd m\u00e1. Jeliko\u017e je v\u0161ak jedn\u00edm z nejobl\u00edben\u011bj\u0161\u00edch l\u00e9k\u016f na hubnut\u00ed, mnoho \u017een se jej sna\u017e\u00ed sehnat, ani\u017e by si polo\u017eily ot\u00e1zku: pro\u010d je vlastn\u011b na p\u0159edpis?Odpov\u011b\u010f zn\u00ed, \u017ee p\u0159i dlouhodob\u00e9m nekontrolovan\u00e9m u\u017e\u00edv\u00e1n\u00ed m\u016f\u017ee zp\u016fsobit zdravotn\u00ed probl\u00e9my. O jeho ne\u017e\u00e1douc\u00edch \u00fa\u010dinc\u00edch ani nemluv\u011b. P\u0159esto se jej budou \u017eeny d\u00e1le sna\u017eit z\u00edskat. Koneckonc\u016f, \u0161t\u00edhl\u00e1 figura za to stoj\u00ed, ne?                                                                                                                                                                                                                                                                                                                                                                                                  "},{"@context":"https:\/\/schema.org\/","@type":"BreadcrumbList","itemListElement":[{"@type":"ListItem","position":1,"name":"Pro\u010d m\u00e1 adipex retard prodej kontrolovan\u00fd","item":"https:\/\/www.ivvs.cz\/proc-ma-adipex-retard-prodej-kontrolovany\/#breadcrumbitem"}]}]