[{"@context":"https:\/\/schema.org\/","@type":"Article","@id":"https:\/\/www.ivvs.cz\/tydenni-putovani-za-krasami-tuzemskych-jeskyni\/#Article","mainEntityOfPage":"https:\/\/www.ivvs.cz\/tydenni-putovani-za-krasami-tuzemskych-jeskyni\/","headline":"T\u00fddenn\u00ed putov\u00e1n\u00ed za kr\u00e1sami tuzemsk\u00fdch jeskyn\u00ed","name":"T\u00fddenn\u00ed putov\u00e1n\u00ed za kr\u00e1sami tuzemsk\u00fdch jeskyn\u00ed","description":"Prvn\u00edm zastaven\u00edm t\u00fddenn\u00edho rodinn\u00e9ho putov\u00e1n\u00ed je Moravsk\u00fd kras, kter\u00fd je nejl\u00e9pe vytvo\u0159enou a nejzn\u00e1m\u011bj\u0161\u00ed krasovou oblast\u00ed na\u0161\u00ed republiky. Nach\u00e1z\u00ed se v n\u011bm polovina zn\u00e1m\u00fdch jeskyn\u00ed, kter\u00e9 jsou p\u0159\u00edstupny ve\u0159ejnosti. S mo\u017enosti komentovan\u00e9ho doprovodu. Co\u017e p\u0159iv\u00edtaj\u00ed jak dosp\u011bl\u00ed, tak d\u011bti: Punkevn\u00ed jeskyn\u011b &ndash; nab\u00edz\u00ed prozkoum\u00e1n\u00ed ze dvou vyhl\u00eddek. Na jej\u00ed dno je mo\u017eno se sv\u00e9zt kabinkovou ... <a href=\"https:\/\/www.ivvs.cz\/tydenni-putovani-za-krasami-tuzemskych-jeskyni\/\" class=\"more-link\">P\u0159e\u010d\u00edst<span class=\"screen-reader-text\"> \"T\u00fddenn\u00ed putov\u00e1n\u00ed za kr\u00e1sami tuzemsk\u00fdch jeskyn\u00ed\"<\/span> &raquo;<\/a>","datePublished":"2020-01-09","dateModified":"2023-05-26","author":{"@type":"Person","@id":"https:\/\/www.ivvs.cz\/author\/devene\/#Person","name":"devene","url":"https:\/\/www.ivvs.cz\/author\/devene\/","identifier":1,"image":{"@type":"ImageObject","@id":"https:\/\/secure.gravatar.com\/avatar\/bbaa4e9a58aac4329fe0ade0f3fb816f09f0dc43c21f6e884dccfbc124b16b29?s=96&d=mm&r=g","url":"https:\/\/secure.gravatar.com\/avatar\/bbaa4e9a58aac4329fe0ade0f3fb816f09f0dc43c21f6e884dccfbc124b16b29?s=96&d=mm&r=g","height":96,"width":96}},"publisher":{"@type":"Organization","name":"ivvs.cz","logo":{"@type":"ImageObject","@id":"\/logo.png","url":"\/logo.png","width":600,"height":60}},"image":{"@type":"ImageObject","@id":"https:\/\/www.ivvs.cz\/wp-content\/uploads\/img_a369672_w4279_t1581780265.jpg","url":"https:\/\/www.ivvs.cz\/wp-content\/uploads\/img_a369672_w4279_t1581780265.jpg","height":0,"width":0},"url":"https:\/\/www.ivvs.cz\/tydenni-putovani-za-krasami-tuzemskych-jeskyni\/","about":["Dovolen\u00e1"],"wordCount":400,"articleBody":"\tPrvn\u00edm zastaven\u00edm t\u00fddenn\u00edho rodinn\u00e9ho putov\u00e1n\u00ed je Moravsk\u00fd kras, kter\u00fd je nejl\u00e9pe vytvo\u0159enou a nejzn\u00e1m\u011bj\u0161\u00ed krasovou oblast\u00ed na\u0161\u00ed republiky. Nach\u00e1z\u00ed se v n\u011bm polovina zn\u00e1m\u00fdch jeskyn\u00ed, kter\u00e9 jsou p\u0159\u00edstupny ve\u0159ejnosti. S mo\u017enosti komentovan\u00e9ho doprovodu. Co\u017e p\u0159iv\u00edtaj\u00ed jak dosp\u011bl\u00ed, tak d\u011bti:\t\tPunkevn\u00ed jeskyn\u011b &ndash; nab\u00edz\u00ed prozkoum\u00e1n\u00ed ze dvou vyhl\u00eddek. Na jej\u00ed dno je mo\u017eno se sv\u00e9zt kabinkovou lanovkou a odtud se d\u00e1 prohl\u00e9dnout b\u011bhem prohl\u00eddky jeskyn\u011b. Na n\u00e1stupi\u0161ti je mo\u017eno se nalodit na \u010dlun, kter\u00fdm se podzemn\u00ed \u0159\u00ed\u010dkou n\u00e1v\u0161t\u011bvn\u00edci dostanou k m\u00edstu, kde vyv\u011br\u00e1 napovrch. Nejhlub\u0161\u00ed propast\u00ed je Macocha, hlubok\u00e1 138 metr\u016f.\tKate\u0159insk\u00e1 jeskyn\u011b &ndash; je zn\u00e1m\u00e1 sv\u00fdmi h\u016flkov\u00fdmi stalagmity, kter\u00e9 dosahuj\u00ed a\u017e \u010dty\u0159 metr\u016f d\u00e9lky. Sou\u010d\u00e1st\u00ed jeskyn\u011b je Hlavn\u00ed d\u00f3m, kter\u00fd sv\u00fdmi rozm\u011bry 97 x 44 x 20 m pat\u0159\u00ed mezi nejv\u011bt\u0161\u00ed podzemn\u00ed prostory u n\u00e1s.\tJeskyn\u011b Balcarka &ndash; kr\u00e1su t\u00e9to jeskyn\u011b ocen\u00ed v\u0161ichni milovn\u00edci kr\u00e1pn\u00edk\u016f. V\u00fdzdoba t\u00e9 zdej\u0161\u00ed p\u0159itahuje mnoho n\u00e1v\u0161t\u011bvn\u00edk\u016f a pat\u0159\u00ed mezi ty nejnav\u0161t\u011bvovan\u011bj\u0161\u00ed nejen v Moravsk\u00e9m krasu, ale cel\u00e9 republice.\tJeskyn\u011b V\u00fdpustek &ndash; pro\u0161la mnoh\u00fdmi \u00fapravami a zp\u0159\u00edstupn\u011bna je teprve od roku 2008. Slou\u017eila b\u011bhem v\u00e1lky jako muni\u010dn\u00ed sklad, pot\u00e9 jako tov\u00e1rna na v\u00fdrobu leteck\u00fdch motor\u016f, a nakonec jako protiatomov\u00fd kryt.\tSloupsko-\u0160o\u0161\u016fvsk\u00e9 jeskyn\u011b &ndash; p\u0159ed vstupem stoj\u00ed dvacetimetrov\u00fd skaln\u00ed sloup, kter\u00fd dal jm\u00e9no m\u00edstn\u00ed vesnici. Sou\u010d\u00e1st\u00ed prohl\u00eddky je i sv\u011btozn\u00e1m\u00e1 jeskyn\u011b K\u016flna, kde byly nalezeny 120 000 let star\u00e9 poz\u016fstatky neandrt\u00e1lsk\u00e9 lebky.\t\tNa druhou polovinu t\u00fddne je napl\u00e1nov\u00e1no prozkoumat \u010dty\u0159i zp\u0159\u00edstupn\u011bn\u00e9 jeskyn\u011b v olomouck\u00e9m kraji:\t&nbsp;\tMlade\u010dsk\u00e9 jeskyn\u011b &ndash; s bohatou kr\u00e1pn\u00edkovou v\u00fdzdobou, le\u017e\u00ed ve v\u00fdznamn\u00e9 archeologick\u00e9 lokalit\u011b.\tJavo\u0159\u00ed\u010dsk\u00e9 jeskyn\u011b &ndash; p\u0159ekvap\u00ed svou unik\u00e1tn\u00ed v\u00fdzdobou, jsou nejv\u011bt\u0161\u00edm zimovi\u0161t\u011bm netop\u00fdr\u016f u n\u00e1s.\tJeskyn\u011b na Pomez\u00ed &ndash; jsou utv\u00e1\u0159eny kask\u00e1dovit\u00fdmi \u00fatvary, chodbami, kter\u00e9 se spojuj\u00ed v mal\u00e9 d\u00f3my.\tZbra\u0161ovsk\u00e9 jeskyn\u011b &ndash; unik\u00e1tn\u00ed v\u00fdzdoba miner\u00e1lem aragonitem, s 14&#39; C je nejteplej\u0161\u00ed jeskyn\u00ed v \u010cR.&nbsp;\t&nbsp;                                                                                                                                                                                                                                                                                                                                                                                                "},{"@context":"https:\/\/schema.org\/","@type":"BreadcrumbList","itemListElement":[{"@type":"ListItem","position":1,"name":"T\u00fddenn\u00ed putov\u00e1n\u00ed za kr\u00e1sami tuzemsk\u00fdch jeskyn\u00ed","item":"https:\/\/www.ivvs.cz\/tydenni-putovani-za-krasami-tuzemskych-jeskyni\/#breadcrumbitem"}]}]